{"id":2664,"date":"2022-06-20T11:25:22","date_gmt":"2022-06-20T11:25:22","guid":{"rendered":"https:\/\/ocarlete.gal\/?p=2664"},"modified":"2026-04-24T08:10:45","modified_gmt":"2026-04-24T08:10:45","slug":"interritmos","status":"publish","type":"post","link":"https:\/\/fundacionlegar.org\/gl\/interritmos\/","title":{"rendered":"Interritmos"},"content":{"rendered":"<div class=\"wp-block-columns is-layout-flex wp-container-core-columns-is-layout-9d6595d7 wp-block-columns-is-layout-flex\">\n<div class=\"wp-block-column is-layout-flow wp-block-column-is-layout-flow\" style=\"flex-basis:80%\">\n<div class=\"wp-block-group alignwide is-layout-constrained wp-container-core-group-is-layout-c0cf8e29 wp-block-group-is-layout-constrained\">\n<p>Na aldea da <strong>Seara<\/strong>, el aire de la tarde tra\u00eda un silencio antiguo, de esos que parecen esperar una historia.<br>Y la historia lleg\u00f3 en forma de encuentro: <strong>Interritmos \u2013 Ra\u00edces Vivas<\/strong> trajo consigo un di\u00e1logo entre la m\u00fasica gallega de ra\u00edz y el flamenco andaluz, dos lenguajes distintos que laten con un mismo coraz\u00f3n.<\/p>\n\n\n\n<p>Fueron cuatro los int\u00e9rpretes del tiempo y la emoci\u00f3n: Xavier Blanco, maestro de la m\u00fasica de ra\u00edz, guardi\u00e1n de las melod\u00edas que duermen en los pueblos y en las voces de la memoria, Faustino N\u00fa\u00f1ez, music\u00f3logo y flamenc\u00f3logo, que dio nombre e historia a la pasi\u00f3n del comp\u00e1s andaluz, Ra\u00fal Rodr\u00edguez, m\u00fasico y antrop\u00f3logo cultural, que hizo de su guitarra un mapa para viajar entre tradiciones y Julia Pozo, int\u00e9rprete e investigadora, que convirti\u00f3 la palabra gallega en canci\u00f3n, en grito, en caricia.<\/p>\n\n\n\n<p>Lo que sucedi\u00f3 en A Seara fue m\u00e1s que una charla, m\u00e1s que una actuaci\u00f3n: fue un <strong>viaje compartido a las ra\u00edces<\/strong>, un reconocimiento mutuo entre dos tradiciones que se miran, se escuchan y se reconocen.<br>El p\u00fablico fue testigo de c\u00f3mo la m\u00fasica puede borrar fronteras y revelar que, detr\u00e1s de cada ritmo, hay una historia com\u00fan que nos une.<\/p>\n\n\n\n<figure class=\"wp-block-image alignright size-full is-resized xavier-img\"><img loading=\"lazy\" decoding=\"async\" width=\"1200\" height=\"1600\" src=\"https:\/\/fundacionlegar.org\/wp-content\/uploads\/2022\/06\/interritmos-xavier.jpeg\" alt=\"Xavier Blanco representaci\u00f3n interritmos\" class=\"wp-image-47168\" style=\"width:300px\" srcset=\"https:\/\/fundacionlegar.org\/wp-content\/uploads\/2022\/06\/interritmos-xavier.jpeg 1200w, https:\/\/fundacionlegar.org\/wp-content\/uploads\/2022\/06\/interritmos-xavier-980x1307.jpeg 980w, https:\/\/fundacionlegar.org\/wp-content\/uploads\/2022\/06\/interritmos-xavier-480x640.jpeg 480w\" sizes=\"(min-width: 0px) and (max-width: 480px) 480px, (min-width: 481px) and (max-width: 980px) 980px, (min-width: 981px) 1200px, 100vw\" \/><\/figure>\n\n\n\n<p>En este contexto, el <strong>Centro de Interpretaci\u00f3n da M\u00fasica de Ra\u00edz<\/strong>, impulsado por <strong>Xavier Blanco<\/strong>, reson\u00f3 tambi\u00e9n como s\u00edmbolo de un trabajo profundo y necesario: conservar, comprender y reinterpretar la herencia musical que da identidad a un pueblo.<br><br>A Seara vibr\u00f3 con ese pulso que solo nace cuando la tradici\u00f3n se hace presente, cuando la m\u00fasica deja de ser pasado y se convierte en un lugar donde todos podemos encontrarnos.<\/p>\n\n\n\n<p><strong>Interritmos \u2013 Ra\u00edces Vivas<\/strong> nos record\u00f3 que las ra\u00edces no son cadenas, sino caminos.<br>Y que cuando Galicia y Andaluc\u00eda se miran a trav\u00e9s de la m\u00fasica, el resultado no es mezcla: es reencuentro.<\/p>\n\n\n\n<figure class=\"wp-block-video\"><\/figure>\n<\/div>\n<\/div>\n\n\n\n<div class=\"wp-block-column is-layout-flow wp-block-column-is-layout-flow\" style=\"flex-basis:30%\">\n<figure class=\"wp-block-image size-large\"><img loading=\"lazy\" decoding=\"async\" width=\"768\" height=\"1024\" src=\"https:\/\/fundacionlegar.org\/wp-content\/uploads\/2022\/06\/interritmos-Seaia-2025-1-768x1024.jpg\" alt=\"Representaci\u00f3n interritmos\" class=\"wp-image-47152\"\/><\/figure>\n<\/div>\n<\/div>","protected":false},"excerpt":{"rendered":"<p>En la aldea de A Seara, el aire de la tarde tra\u00eda un silencio antiguo, de esos que parecen esperar una historia.Y la historia lleg\u00f3 en forma de encuentro: Interritmos \u2013 Ra\u00edces Vivas trajo consigo un di\u00e1logo entre la m\u00fasica gallega de ra\u00edz y el flamenco andaluz, dos lenguajes distintos que laten con un mismo [&hellip;]<\/p>","protected":false},"author":1,"featured_media":47151,"comment_status":"closed","ping_status":"open","sticky":false,"template":"","format":"standard","meta":{"_acf_changed":false,"_et_pb_use_builder":"off","_et_pb_old_content":"Lorem ipsum dolor sit amet, consectetur adipiscing elit, sed do eiusmod tempor incididunt ut labore et dolore magna aliqua. Ut enim ad minim veniam, quis nostrud exercitation ullamco laboris nisi ut aliquip ex ea commodo consequat. Duis aute irure dolor in reprehenderit in voluptate velit esse cillum dolore eu fugiat nulla pariatur. Excepteur sint occaecat cupidatat non proident, sunt in culpa qui officia deserunt mollit anim id est laborum.","_et_gb_content_width":"","inline_featured_image":false,"_joinchat":[],"footnotes":""},"categories":[31],"tags":[],"class_list":["post-2664","post","type-post","status-publish","format-standard","has-post-thumbnail","hentry","category-talleres-y-eventos"],"acf":[],"yoast_head":"<!-- This site is optimized with the Yoast SEO plugin v24.9 - https:\/\/yoast.com\/wordpress\/plugins\/seo\/ -->\n<title>Interritmos | Legar<\/title>\n<meta name=\"description\" content=\"Desfruta deste evento\" \/>\n<meta name=\"robots\" content=\"index, follow, max-snippet:-1, max-image-preview:large, max-video-preview:-1\" \/>\n<link rel=\"canonical\" href=\"https:\/\/fundacionlegar.org\/gl\/interritmos\/\" \/>\n<meta property=\"og:locale\" content=\"gl_ES\" \/>\n<meta property=\"og:type\" content=\"article\" \/>\n<meta property=\"og:title\" content=\"Interritmos | Legar\" \/>\n<meta property=\"og:description\" content=\"Desfruta deste evento\" \/>\n<meta property=\"og:url\" content=\"https:\/\/fundacionlegar.org\/gl\/interritmos\/\" \/>\n<meta property=\"og:site_name\" content=\"Legar\" \/>\n<meta property=\"article:published_time\" content=\"2022-06-20T11:25:22+00:00\" \/>\n<meta property=\"article:modified_time\" content=\"2026-04-24T08:10:45+00:00\" \/>\n<meta property=\"og:image\" content=\"https:\/\/fundacionlegar.org\/wp-content\/uploads\/2022\/06\/interritmos-Seaia-2025-2.jpg\" \/>\n\t<meta property=\"og:image:width\" content=\"1200\" \/>\n\t<meta property=\"og:image:height\" content=\"1600\" \/>\n\t<meta property=\"og:image:type\" content=\"image\/jpeg\" \/>\n<meta name=\"author\" content=\"Desarrollador Kintek\" \/>\n<meta name=\"twitter:card\" content=\"summary_large_image\" \/>\n<meta name=\"twitter:label1\" content=\"Escrito por\" \/>\n\t<meta name=\"twitter:data1\" content=\"Desarrollador Kintek\" \/>\n\t<meta name=\"twitter:label2\" content=\"Tempo de lectura\" \/>\n\t<meta name=\"twitter:data2\" content=\"2 minutos\" \/>\n<script type=\"application\/ld+json\" class=\"yoast-schema-graph\">{\"@context\":\"https:\/\/schema.org\",\"@graph\":[{\"@type\":\"WebPage\",\"@id\":\"https:\/\/fundacionlegar.org\/interritmos\/\",\"url\":\"https:\/\/fundacionlegar.org\/interritmos\/\",\"name\":\"Interritmos | Legar\",\"isPartOf\":{\"@id\":\"https:\/\/fundacionlegar.org\/#website\"},\"primaryImageOfPage\":{\"@id\":\"https:\/\/fundacionlegar.org\/interritmos\/#primaryimage\"},\"image\":{\"@id\":\"https:\/\/fundacionlegar.org\/interritmos\/#primaryimage\"},\"thumbnailUrl\":\"https:\/\/fundacionlegar.org\/wp-content\/uploads\/2022\/06\/interritmos-Seaia-2025-2.jpg\",\"datePublished\":\"2022-06-20T11:25:22+00:00\",\"dateModified\":\"2026-04-24T08:10:45+00:00\",\"author\":{\"@id\":\"https:\/\/fundacionlegar.org\/#\/schema\/person\/94df453e6e9ac9d75e984c0733bbe634\"},\"description\":\"Desfruta deste evento\",\"breadcrumb\":{\"@id\":\"https:\/\/fundacionlegar.org\/interritmos\/#breadcrumb\"},\"inLanguage\":\"gl-ES\",\"potentialAction\":[{\"@type\":\"ReadAction\",\"target\":[\"https:\/\/fundacionlegar.org\/interritmos\/\"]}]},{\"@type\":\"ImageObject\",\"inLanguage\":\"gl-ES\",\"@id\":\"https:\/\/fundacionlegar.org\/interritmos\/#primaryimage\",\"url\":\"https:\/\/fundacionlegar.org\/wp-content\/uploads\/2022\/06\/interritmos-Seaia-2025-2.jpg\",\"contentUrl\":\"https:\/\/fundacionlegar.org\/wp-content\/uploads\/2022\/06\/interritmos-Seaia-2025-2.jpg\",\"width\":1200,\"height\":1600},{\"@type\":\"BreadcrumbList\",\"@id\":\"https:\/\/fundacionlegar.org\/interritmos\/#breadcrumb\",\"itemListElement\":[{\"@type\":\"ListItem\",\"position\":1,\"name\":\"Portada\",\"item\":\"https:\/\/fundacionlegar.org\/\"},{\"@type\":\"ListItem\",\"position\":2,\"name\":\"Interritmos\"}]},{\"@type\":\"WebSite\",\"@id\":\"https:\/\/fundacionlegar.org\/#website\",\"url\":\"https:\/\/fundacionlegar.org\/\",\"name\":\"Legar\",\"description\":\"Fundaci\u00f3n Legar\",\"potentialAction\":[{\"@type\":\"SearchAction\",\"target\":{\"@type\":\"EntryPoint\",\"urlTemplate\":\"https:\/\/fundacionlegar.org\/?s={search_term_string}\"},\"query-input\":{\"@type\":\"PropertyValueSpecification\",\"valueRequired\":true,\"valueName\":\"search_term_string\"}}],\"inLanguage\":\"gl-ES\"},{\"@type\":\"Person\",\"@id\":\"https:\/\/fundacionlegar.org\/#\/schema\/person\/94df453e6e9ac9d75e984c0733bbe634\",\"name\":\"Desarrollador Kintek\",\"image\":{\"@type\":\"ImageObject\",\"inLanguage\":\"gl-ES\",\"@id\":\"https:\/\/fundacionlegar.org\/#\/schema\/person\/image\/\",\"url\":\"https:\/\/secure.gravatar.com\/avatar\/51e8e362b183a88cef0afe59ea6c490f3121c1fd3f4e7fb727e30c175ea68816?s=96&d=mm&r=g\",\"contentUrl\":\"https:\/\/secure.gravatar.com\/avatar\/51e8e362b183a88cef0afe59ea6c490f3121c1fd3f4e7fb727e30c175ea68816?s=96&d=mm&r=g\",\"caption\":\"Desarrollador Kintek\"},\"sameAs\":[\"http:\/\/basewp.lkx.es\"]}]}<\/script>\n<!-- \/ Yoast SEO plugin. -->","yoast_head_json":{"title":"Interritmos | Legar","description":"Desfruta deste evento","robots":{"index":"index","follow":"follow","max-snippet":"max-snippet:-1","max-image-preview":"max-image-preview:large","max-video-preview":"max-video-preview:-1"},"canonical":"https:\/\/fundacionlegar.org\/gl\/interritmos\/","og_locale":"gl_ES","og_type":"article","og_title":"Interritmos | Legar","og_description":"Desfruta deste evento","og_url":"https:\/\/fundacionlegar.org\/gl\/interritmos\/","og_site_name":"Legar","article_published_time":"2022-06-20T11:25:22+00:00","article_modified_time":"2026-04-24T08:10:45+00:00","og_image":[{"width":1200,"height":1600,"url":"https:\/\/fundacionlegar.org\/wp-content\/uploads\/2022\/06\/interritmos-Seaia-2025-2.jpg","type":"image\/jpeg"}],"author":"Desarrollador Kintek","twitter_card":"summary_large_image","twitter_misc":{"Escrito por":"Desarrollador Kintek","Tempo de lectura":"2 minutos"},"schema":{"@context":"https:\/\/schema.org","@graph":[{"@type":"WebPage","@id":"https:\/\/fundacionlegar.org\/interritmos\/","url":"https:\/\/fundacionlegar.org\/interritmos\/","name":"Interritmos | Legar","isPartOf":{"@id":"https:\/\/fundacionlegar.org\/#website"},"primaryImageOfPage":{"@id":"https:\/\/fundacionlegar.org\/interritmos\/#primaryimage"},"image":{"@id":"https:\/\/fundacionlegar.org\/interritmos\/#primaryimage"},"thumbnailUrl":"https:\/\/fundacionlegar.org\/wp-content\/uploads\/2022\/06\/interritmos-Seaia-2025-2.jpg","datePublished":"2022-06-20T11:25:22+00:00","dateModified":"2026-04-24T08:10:45+00:00","author":{"@id":"https:\/\/fundacionlegar.org\/#\/schema\/person\/94df453e6e9ac9d75e984c0733bbe634"},"description":"Desfruta deste evento","breadcrumb":{"@id":"https:\/\/fundacionlegar.org\/interritmos\/#breadcrumb"},"inLanguage":"gl-ES","potentialAction":[{"@type":"ReadAction","target":["https:\/\/fundacionlegar.org\/interritmos\/"]}]},{"@type":"ImageObject","inLanguage":"gl-ES","@id":"https:\/\/fundacionlegar.org\/interritmos\/#primaryimage","url":"https:\/\/fundacionlegar.org\/wp-content\/uploads\/2022\/06\/interritmos-Seaia-2025-2.jpg","contentUrl":"https:\/\/fundacionlegar.org\/wp-content\/uploads\/2022\/06\/interritmos-Seaia-2025-2.jpg","width":1200,"height":1600},{"@type":"BreadcrumbList","@id":"https:\/\/fundacionlegar.org\/interritmos\/#breadcrumb","itemListElement":[{"@type":"ListItem","position":1,"name":"Portada","item":"https:\/\/fundacionlegar.org\/"},{"@type":"ListItem","position":2,"name":"Interritmos"}]},{"@type":"WebSite","@id":"https:\/\/fundacionlegar.org\/#website","url":"https:\/\/fundacionlegar.org\/","name":"Legar","description":"Fundaci\u00f3n Legar","potentialAction":[{"@type":"SearchAction","target":{"@type":"EntryPoint","urlTemplate":"https:\/\/fundacionlegar.org\/?s={search_term_string}"},"query-input":{"@type":"PropertyValueSpecification","valueRequired":true,"valueName":"search_term_string"}}],"inLanguage":"gl-ES"},{"@type":"Person","@id":"https:\/\/fundacionlegar.org\/#\/schema\/person\/94df453e6e9ac9d75e984c0733bbe634","name":"Desarrollador Kintek","image":{"@type":"ImageObject","inLanguage":"gl-ES","@id":"https:\/\/fundacionlegar.org\/#\/schema\/person\/image\/","url":"https:\/\/secure.gravatar.com\/avatar\/51e8e362b183a88cef0afe59ea6c490f3121c1fd3f4e7fb727e30c175ea68816?s=96&d=mm&r=g","contentUrl":"https:\/\/secure.gravatar.com\/avatar\/51e8e362b183a88cef0afe59ea6c490f3121c1fd3f4e7fb727e30c175ea68816?s=96&d=mm&r=g","caption":"Desarrollador Kintek"},"sameAs":["http:\/\/basewp.lkx.es"]}]}},"_links":{"self":[{"href":"https:\/\/fundacionlegar.org\/gl\/wp-json\/wp\/v2\/posts\/2664","targetHints":{"allow":["GET"]}}],"collection":[{"href":"https:\/\/fundacionlegar.org\/gl\/wp-json\/wp\/v2\/posts"}],"about":[{"href":"https:\/\/fundacionlegar.org\/gl\/wp-json\/wp\/v2\/types\/post"}],"author":[{"embeddable":true,"href":"https:\/\/fundacionlegar.org\/gl\/wp-json\/wp\/v2\/users\/1"}],"replies":[{"embeddable":true,"href":"https:\/\/fundacionlegar.org\/gl\/wp-json\/wp\/v2\/comments?post=2664"}],"version-history":[{"count":27,"href":"https:\/\/fundacionlegar.org\/gl\/wp-json\/wp\/v2\/posts\/2664\/revisions"}],"predecessor-version":[{"id":47185,"href":"https:\/\/fundacionlegar.org\/gl\/wp-json\/wp\/v2\/posts\/2664\/revisions\/47185"}],"wp:featuredmedia":[{"embeddable":true,"href":"https:\/\/fundacionlegar.org\/gl\/wp-json\/wp\/v2\/media\/47151"}],"wp:attachment":[{"href":"https:\/\/fundacionlegar.org\/gl\/wp-json\/wp\/v2\/media?parent=2664"}],"wp:term":[{"taxonomy":"category","embeddable":true,"href":"https:\/\/fundacionlegar.org\/gl\/wp-json\/wp\/v2\/categories?post=2664"},{"taxonomy":"post_tag","embeddable":true,"href":"https:\/\/fundacionlegar.org\/gl\/wp-json\/wp\/v2\/tags?post=2664"}],"curies":[{"name":"wp","href":"https:\/\/api.w.org\/{rel}","templated":true}]}}