{"id":44868,"date":"2025-06-19T09:28:02","date_gmt":"2025-06-19T09:28:02","guid":{"rendered":"https:\/\/fundacionlegar.org\/?p=44868"},"modified":"2026-04-24T08:10:45","modified_gmt":"2026-04-24T08:10:45","slug":"o-son-da-criba","status":"publish","type":"post","link":"https:\/\/fundacionlegar.org\/gl\/o-son-da-criba\/","title":{"rendered":"O son da criba"},"content":{"rendered":"<div class=\"wp-block-columns is-layout-flex wp-container-core-columns-is-layout-9d6595d7 wp-block-columns-is-layout-flex\">\n<div class=\"wp-block-column is-layout-flow wp-block-column-is-layout-flow\" style=\"flex-basis:66.66%\">\n<p>A <strong>criba<\/strong> \u00e9 unha ferramenta que antigamente se utilizaba moito para limpar certas sementes, como o trigo, o centeo ou o millo, separ\u00e1ndoas das impurezas (palla, po, etc.), e coa que xa os nosos devanceiros fac\u00edan m\u00fasica.<\/p>\n\n\n\n<p>Est\u00e1 formada por un aro ancho de madeira, cun fondo de pel seca ou curtida, cheo de buratos do tama\u00f1o axeitado para que pasen as diferentes sementes.<\/p>\n\n\n\n<p>A propia tarefa, que consist\u00eda en movementos circulares e de vaiv\u00e9n para separar as impurezas do gran, produc\u00eda un son que serv\u00eda facilmente para acompa\u00f1ar os cantos, facendo as\u00ed o traballo m\u00e1is levadeiro.<\/p>\n\n\n\n<p>Outra das formas de tocar musicalmente a criba consist\u00eda en sosterna cunha man, a modo de pandeireta, e golpear co dorso da outra sobre o coiro. Deste xeito, o son era m\u00e1is forte e pod\u00eda mesmo acompa\u00f1ar outros instrumentos mel\u00f3dicos, como a frauta ou a gaita.<\/p>\n\n\n\n<p>En particular, en <strong>A Seara do Courel<\/strong> a\u00ednda se atopan moitos exemplos do uso das cribas. Nesta aldea a\u00ednda pervive a memoria do proceso de elaboraci\u00f3n do pan e conta cun patrimonio material composto por numerosas <strong>eiras<\/strong>, <strong>limpadoiros<\/strong>, <strong>mu\u00ed\u00f1os<\/strong> e <strong>fornos<\/strong>.<\/p>\n<\/div>\n\n\n\n<div class=\"wp-block-column is-layout-flow wp-block-column-is-layout-flow\" style=\"flex-basis:33.33%\">\n<figure class=\"wp-block-image size-large\"><img loading=\"lazy\" decoding=\"async\" width=\"1024\" height=\"735\" src=\"https:\/\/fundacionlegar.org\/wp-content\/uploads\/2025\/06\/Pineira-1024x735.jpg\" alt=\"Imagen de instrumento musical antiguo. \" class=\"wp-image-46832\" srcset=\"https:\/\/fundacionlegar.org\/wp-content\/uploads\/2025\/06\/Pineira-980x703.jpg 980w, https:\/\/fundacionlegar.org\/wp-content\/uploads\/2025\/06\/Pineira-480x345.jpg 480w\" sizes=\"(min-width: 0px) and (max-width: 480px) 480px, (min-width: 481px) and (max-width: 980px) 980px, (min-width: 981px) 1024px, 100vw\" \/><\/figure>\n<\/div>\n<\/div>","protected":false},"excerpt":{"rendered":"<p>La criba es una herramienta que antiguamente se utilizaba mucho para limpiar ciertas semillas, como el trigo, el centeno o el ma\u00edz, separ\u00e1ndolas de las impurezas (paja, polvo, etc.), y con la cual ya nuestros antepasados hac\u00edan m\u00fasica. Est\u00e1 formada por un aro ancho de madera, con un fondo de piel seca o curtida, lleno [&hellip;]<\/p>","protected":false},"author":4,"featured_media":44870,"comment_status":"closed","ping_status":"open","sticky":false,"template":"","format":"standard","meta":{"_acf_changed":false,"_et_pb_use_builder":"off","_et_pb_old_content":"<!-- wp:columns -->\n<div class=\"wp-block-columns\"><!-- wp:column {\"width\":\"66.66%\"} -->\n<div class=\"wp-block-column\" style=\"flex-basis:66.66%\"><!-- wp:group {\"layout\":{\"type\":\"constrained\"}} -->\n<div class=\"wp-block-group\"><!-- wp:paragraph -->\n<p>A&nbsp;<strong><em>criba&nbsp;<\/em><\/strong>\u00e9 un \u00fatil que foi moi empregado antigamente para cribar certas sementes, como o trigo, centeo, millo, etc., limp\u00e1ndoas de particulas de desfeito (palla, po...), e coa cal xa os nosos e nosas antepasadas fac\u00edan m\u00fasica.<\/p>\n<!-- \/wp:paragraph -->\n\n<!-- wp:paragraph -->\n<p>Est\u00e1 formada por un aro ancho de madeira, con un fondo de pel secada ou curtida, chea de furados do tama\u00f1o axeitado para que se colen as diferentes sementes.<\/p>\n<!-- \/wp:paragraph -->\n\n<!-- wp:paragraph -->\n<p>A propia faina que consist\u00eda en movementos circulares e de abandoxado&nbsp; para separar as impurezas do gran, produc\u00eda un son doado para acompa\u00f1ar as cantigas, e dese xeito facer o labor m\u00e1is levadeiro.<\/p>\n<!-- \/wp:paragraph -->\n\n<!-- wp:paragraph -->\n<p>Outra das formas de tanxer musicalmente a criba, era agarr\u00e1ndoa cunha man a xeito de pandeira e batendo co reverso da outra sobre o coiro. Desta maneira o son era m\u00e1is forte e pod\u00eda incluso acompa\u00f1ar a outros instrumentos mel\u00f3dicos coma a frauta, gaita. etc.<\/p>\n<!-- \/wp:paragraph -->\n\n<!-- wp:paragraph -->\n<p>Particularmente na&nbsp;<strong><em>Seara do courel&nbsp;<\/em><\/strong>a\u00ednda se atopan moitas mostras do emprego das cribas. Nesta aldea&nbsp; a\u00ednda pervive na s\u00faa memoria o proceso productivo do pan e conta con un patrimonio material composto por&nbsp; numerosas airas, alimpadoiro, mu\u00ed\u00f1os e fornos.<\/p>\n<!-- \/wp:paragraph --><\/div>\n<!-- \/wp:group --><\/div>\n<!-- \/wp:column -->\n\n<!-- wp:column {\"width\":\"33.33%\"} -->\n<div class=\"wp-block-column\" style=\"flex-basis:33.33%\"><!-- wp:image {\"id\":46832,\"sizeSlug\":\"large\",\"linkDestination\":\"none\"} -->\n<figure class=\"wp-block-image size-large\"><img src=\"https:\/\/fundacionlegar.org\/wp-content\/uploads\/2025\/06\/Pineira-1024x735.jpg\" alt=\"Imagen de instrumento musical antiguo. \" class=\"wp-image-46832\"\/><\/figure>\n<!-- \/wp:image --><\/div>\n<!-- \/wp:column --><\/div>\n<!-- \/wp:columns -->","_et_gb_content_width":"1080","inline_featured_image":false,"_joinchat":[],"footnotes":""},"categories":[30],"tags":[],"class_list":["post-44868","post","type-post","status-publish","format-standard","has-post-thumbnail","hentry","category-libro-aberto"],"acf":[],"yoast_head":"<!-- This site is optimized with the Yoast SEO plugin v24.9 - https:\/\/yoast.com\/wordpress\/plugins\/seo\/ -->\n<title>O son da criba \u00b7 Fundaci\u00f3n Legar \u2013 Memoria musical galega<\/title>\n<meta name=\"description\" content=\"Explora o son da criba, s\u00edmbolo da tradici\u00f3n oral galega. Unha peza sonora que conecta xeraci\u00f3ns a trav\u00e9s do traballo e a m\u00fasica.\" \/>\n<meta name=\"robots\" content=\"index, follow, max-snippet:-1, max-image-preview:large, max-video-preview:-1\" \/>\n<link rel=\"canonical\" href=\"https:\/\/fundacionlegar.org\/gl\/o-son-da-criba\/\" \/>\n<meta property=\"og:locale\" content=\"gl_ES\" \/>\n<meta property=\"og:type\" content=\"article\" \/>\n<meta property=\"og:title\" content=\"O son da criba \u00b7 Fundaci\u00f3n Legar \u2013 Memoria musical galega\" \/>\n<meta property=\"og:description\" content=\"Explora o son da criba, s\u00edmbolo da tradici\u00f3n oral galega. Unha peza sonora que conecta xeraci\u00f3ns a trav\u00e9s do traballo e a m\u00fasica.\" \/>\n<meta property=\"og:url\" content=\"https:\/\/fundacionlegar.org\/gl\/o-son-da-criba\/\" \/>\n<meta property=\"og:site_name\" content=\"Legar\" \/>\n<meta property=\"article:published_time\" content=\"2025-06-19T09:28:02+00:00\" \/>\n<meta property=\"article:modified_time\" content=\"2026-04-24T08:10:45+00:00\" \/>\n<meta property=\"og:image\" content=\"https:\/\/fundacionlegar.org\/wp-content\/uploads\/2025\/06\/IMG_7850-1.jpg\" \/>\n\t<meta property=\"og:image:width\" content=\"2000\" \/>\n\t<meta property=\"og:image:height\" content=\"1333\" \/>\n\t<meta property=\"og:image:type\" content=\"image\/jpeg\" \/>\n<meta name=\"author\" content=\"Des Front Kintek\" \/>\n<meta name=\"twitter:card\" content=\"summary_large_image\" \/>\n<meta name=\"twitter:label1\" content=\"Escrito por\" \/>\n\t<meta name=\"twitter:data1\" content=\"Des Front Kintek\" \/>\n\t<meta name=\"twitter:label2\" content=\"Tempo de lectura\" \/>\n\t<meta name=\"twitter:data2\" content=\"5 minutos\" \/>\n<script type=\"application\/ld+json\" class=\"yoast-schema-graph\">{\"@context\":\"https:\/\/schema.org\",\"@graph\":[{\"@type\":\"WebPage\",\"@id\":\"https:\/\/fundacionlegar.org\/o-son-da-criba\/\",\"url\":\"https:\/\/fundacionlegar.org\/o-son-da-criba\/\",\"name\":\"O son da criba \u00b7 Fundaci\u00f3n Legar \u2013 Memoria musical galega\",\"isPartOf\":{\"@id\":\"https:\/\/fundacionlegar.org\/#website\"},\"primaryImageOfPage\":{\"@id\":\"https:\/\/fundacionlegar.org\/o-son-da-criba\/#primaryimage\"},\"image\":{\"@id\":\"https:\/\/fundacionlegar.org\/o-son-da-criba\/#primaryimage\"},\"thumbnailUrl\":\"https:\/\/fundacionlegar.org\/wp-content\/uploads\/2025\/06\/IMG_7850-1.jpg\",\"datePublished\":\"2025-06-19T09:28:02+00:00\",\"dateModified\":\"2026-04-24T08:10:45+00:00\",\"author\":{\"@id\":\"https:\/\/fundacionlegar.org\/#\/schema\/person\/cad45acf4ad72edacae7c68e2118e6fc\"},\"description\":\"Explora o son da criba, s\u00edmbolo da tradici\u00f3n oral galega. Unha peza sonora que conecta xeraci\u00f3ns a trav\u00e9s do traballo e a m\u00fasica.\",\"breadcrumb\":{\"@id\":\"https:\/\/fundacionlegar.org\/o-son-da-criba\/#breadcrumb\"},\"inLanguage\":\"gl-ES\",\"potentialAction\":[{\"@type\":\"ReadAction\",\"target\":[\"https:\/\/fundacionlegar.org\/o-son-da-criba\/\"]}]},{\"@type\":\"ImageObject\",\"inLanguage\":\"gl-ES\",\"@id\":\"https:\/\/fundacionlegar.org\/o-son-da-criba\/#primaryimage\",\"url\":\"https:\/\/fundacionlegar.org\/wp-content\/uploads\/2025\/06\/IMG_7850-1.jpg\",\"contentUrl\":\"https:\/\/fundacionlegar.org\/wp-content\/uploads\/2025\/06\/IMG_7850-1.jpg\",\"width\":2000,\"height\":1333,\"caption\":\"Criva tradicional gallega hecha de piel perforada, utilizada para cribar o tamizar el grano, apoyada sobre una pared de piedra.\"},{\"@type\":\"BreadcrumbList\",\"@id\":\"https:\/\/fundacionlegar.org\/o-son-da-criba\/#breadcrumb\",\"itemListElement\":[{\"@type\":\"ListItem\",\"position\":1,\"name\":\"Portada\",\"item\":\"https:\/\/fundacionlegar.org\/\"},{\"@type\":\"ListItem\",\"position\":2,\"name\":\"O son da criba\"}]},{\"@type\":\"WebSite\",\"@id\":\"https:\/\/fundacionlegar.org\/#website\",\"url\":\"https:\/\/fundacionlegar.org\/\",\"name\":\"Legar\",\"description\":\"Fundaci\u00f3n Legar\",\"potentialAction\":[{\"@type\":\"SearchAction\",\"target\":{\"@type\":\"EntryPoint\",\"urlTemplate\":\"https:\/\/fundacionlegar.org\/?s={search_term_string}\"},\"query-input\":{\"@type\":\"PropertyValueSpecification\",\"valueRequired\":true,\"valueName\":\"search_term_string\"}}],\"inLanguage\":\"gl-ES\"},{\"@type\":\"Person\",\"@id\":\"https:\/\/fundacionlegar.org\/#\/schema\/person\/cad45acf4ad72edacae7c68e2118e6fc\",\"name\":\"Des Front Kintek\",\"image\":{\"@type\":\"ImageObject\",\"inLanguage\":\"gl-ES\",\"@id\":\"https:\/\/fundacionlegar.org\/#\/schema\/person\/image\/\",\"url\":\"https:\/\/secure.gravatar.com\/avatar\/32c2224f67ad109e77d67ac1a7f90781f4605b8bcaa527b20d97052927acdc36?s=96&d=mm&r=g\",\"contentUrl\":\"https:\/\/secure.gravatar.com\/avatar\/32c2224f67ad109e77d67ac1a7f90781f4605b8bcaa527b20d97052927acdc36?s=96&d=mm&r=g\",\"caption\":\"Des Front Kintek\"}}]}<\/script>\n<!-- \/ Yoast SEO plugin. -->","yoast_head_json":{"title":"O son da criba \u00b7 Fundaci\u00f3n Legar \u2013 Memoria musical galega","description":"Explora o son da criba, s\u00edmbolo da tradici\u00f3n oral galega. Unha peza sonora que conecta xeraci\u00f3ns a trav\u00e9s do traballo e a m\u00fasica.","robots":{"index":"index","follow":"follow","max-snippet":"max-snippet:-1","max-image-preview":"max-image-preview:large","max-video-preview":"max-video-preview:-1"},"canonical":"https:\/\/fundacionlegar.org\/gl\/o-son-da-criba\/","og_locale":"gl_ES","og_type":"article","og_title":"O son da criba \u00b7 Fundaci\u00f3n Legar \u2013 Memoria musical galega","og_description":"Explora o son da criba, s\u00edmbolo da tradici\u00f3n oral galega. Unha peza sonora que conecta xeraci\u00f3ns a trav\u00e9s do traballo e a m\u00fasica.","og_url":"https:\/\/fundacionlegar.org\/gl\/o-son-da-criba\/","og_site_name":"Legar","article_published_time":"2025-06-19T09:28:02+00:00","article_modified_time":"2026-04-24T08:10:45+00:00","og_image":[{"width":2000,"height":1333,"url":"https:\/\/fundacionlegar.org\/wp-content\/uploads\/2025\/06\/IMG_7850-1.jpg","type":"image\/jpeg"}],"author":"Des Front Kintek","twitter_card":"summary_large_image","twitter_misc":{"Escrito por":"Des Front Kintek","Tempo de lectura":"5 minutos"},"schema":{"@context":"https:\/\/schema.org","@graph":[{"@type":"WebPage","@id":"https:\/\/fundacionlegar.org\/o-son-da-criba\/","url":"https:\/\/fundacionlegar.org\/o-son-da-criba\/","name":"O son da criba \u00b7 Fundaci\u00f3n Legar \u2013 Memoria musical galega","isPartOf":{"@id":"https:\/\/fundacionlegar.org\/#website"},"primaryImageOfPage":{"@id":"https:\/\/fundacionlegar.org\/o-son-da-criba\/#primaryimage"},"image":{"@id":"https:\/\/fundacionlegar.org\/o-son-da-criba\/#primaryimage"},"thumbnailUrl":"https:\/\/fundacionlegar.org\/wp-content\/uploads\/2025\/06\/IMG_7850-1.jpg","datePublished":"2025-06-19T09:28:02+00:00","dateModified":"2026-04-24T08:10:45+00:00","author":{"@id":"https:\/\/fundacionlegar.org\/#\/schema\/person\/cad45acf4ad72edacae7c68e2118e6fc"},"description":"Explora o son da criba, s\u00edmbolo da tradici\u00f3n oral galega. Unha peza sonora que conecta xeraci\u00f3ns a trav\u00e9s do traballo e a m\u00fasica.","breadcrumb":{"@id":"https:\/\/fundacionlegar.org\/o-son-da-criba\/#breadcrumb"},"inLanguage":"gl-ES","potentialAction":[{"@type":"ReadAction","target":["https:\/\/fundacionlegar.org\/o-son-da-criba\/"]}]},{"@type":"ImageObject","inLanguage":"gl-ES","@id":"https:\/\/fundacionlegar.org\/o-son-da-criba\/#primaryimage","url":"https:\/\/fundacionlegar.org\/wp-content\/uploads\/2025\/06\/IMG_7850-1.jpg","contentUrl":"https:\/\/fundacionlegar.org\/wp-content\/uploads\/2025\/06\/IMG_7850-1.jpg","width":2000,"height":1333,"caption":"Criva tradicional gallega hecha de piel perforada, utilizada para cribar o tamizar el grano, apoyada sobre una pared de piedra."},{"@type":"BreadcrumbList","@id":"https:\/\/fundacionlegar.org\/o-son-da-criba\/#breadcrumb","itemListElement":[{"@type":"ListItem","position":1,"name":"Portada","item":"https:\/\/fundacionlegar.org\/"},{"@type":"ListItem","position":2,"name":"O son da criba"}]},{"@type":"WebSite","@id":"https:\/\/fundacionlegar.org\/#website","url":"https:\/\/fundacionlegar.org\/","name":"Legar","description":"Fundaci\u00f3n Legar","potentialAction":[{"@type":"SearchAction","target":{"@type":"EntryPoint","urlTemplate":"https:\/\/fundacionlegar.org\/?s={search_term_string}"},"query-input":{"@type":"PropertyValueSpecification","valueRequired":true,"valueName":"search_term_string"}}],"inLanguage":"gl-ES"},{"@type":"Person","@id":"https:\/\/fundacionlegar.org\/#\/schema\/person\/cad45acf4ad72edacae7c68e2118e6fc","name":"Des Front Kintek","image":{"@type":"ImageObject","inLanguage":"gl-ES","@id":"https:\/\/fundacionlegar.org\/#\/schema\/person\/image\/","url":"https:\/\/secure.gravatar.com\/avatar\/32c2224f67ad109e77d67ac1a7f90781f4605b8bcaa527b20d97052927acdc36?s=96&d=mm&r=g","contentUrl":"https:\/\/secure.gravatar.com\/avatar\/32c2224f67ad109e77d67ac1a7f90781f4605b8bcaa527b20d97052927acdc36?s=96&d=mm&r=g","caption":"Des Front Kintek"}}]}},"_links":{"self":[{"href":"https:\/\/fundacionlegar.org\/gl\/wp-json\/wp\/v2\/posts\/44868","targetHints":{"allow":["GET"]}}],"collection":[{"href":"https:\/\/fundacionlegar.org\/gl\/wp-json\/wp\/v2\/posts"}],"about":[{"href":"https:\/\/fundacionlegar.org\/gl\/wp-json\/wp\/v2\/types\/post"}],"author":[{"embeddable":true,"href":"https:\/\/fundacionlegar.org\/gl\/wp-json\/wp\/v2\/users\/4"}],"replies":[{"embeddable":true,"href":"https:\/\/fundacionlegar.org\/gl\/wp-json\/wp\/v2\/comments?post=44868"}],"version-history":[{"count":20,"href":"https:\/\/fundacionlegar.org\/gl\/wp-json\/wp\/v2\/posts\/44868\/revisions"}],"predecessor-version":[{"id":47415,"href":"https:\/\/fundacionlegar.org\/gl\/wp-json\/wp\/v2\/posts\/44868\/revisions\/47415"}],"wp:featuredmedia":[{"embeddable":true,"href":"https:\/\/fundacionlegar.org\/gl\/wp-json\/wp\/v2\/media\/44870"}],"wp:attachment":[{"href":"https:\/\/fundacionlegar.org\/gl\/wp-json\/wp\/v2\/media?parent=44868"}],"wp:term":[{"taxonomy":"category","embeddable":true,"href":"https:\/\/fundacionlegar.org\/gl\/wp-json\/wp\/v2\/categories?post=44868"},{"taxonomy":"post_tag","embeddable":true,"href":"https:\/\/fundacionlegar.org\/gl\/wp-json\/wp\/v2\/tags?post=44868"}],"curies":[{"name":"wp","href":"https:\/\/api.w.org\/{rel}","templated":true}]}}