{"id":44917,"date":"2025-06-19T10:55:18","date_gmt":"2025-06-19T10:55:18","guid":{"rendered":"https:\/\/fundacionlegar.org\/?p=44917"},"modified":"2026-04-24T08:10:44","modified_gmt":"2026-04-24T08:10:44","slug":"xornada-formativa-a-seara","status":"publish","type":"post","link":"https:\/\/fundacionlegar.org\/gl\/xornada-formativa-a-seara\/","title":{"rendered":"Xornada Formativa na Aldea de A Seara"},"content":{"rendered":"<div class=\"wp-block-columns is-layout-flex wp-container-core-columns-is-layout-9d6595d7 wp-block-columns-is-layout-flex\">\n<div class=\"wp-block-column is-layout-flow wp-block-column-is-layout-flow\" style=\"flex-basis:80%\">\n<div class=\"wp-block-group alignwide is-layout-constrained wp-container-core-group-is-layout-c0cf8e29 wp-block-group-is-layout-constrained\">\n<figure class=\"wp-block-video\"><\/figure>\n\n\n\n<p>Unha experiencia formativa e inmersiva arredor da nosa m\u00fasica e dos instrumentos de ra\u00edz, desenvolvida no Centro de Interpretaci\u00f3n , nun entorno natural e etnogr\u00e1fico incomparable.<\/p>\n\n\n\n<p>A actividade contou coa gu\u00eda do mestre Xavier Blanco e coa participaci\u00f3n do alumnado da Escola de M\u00fasica Tradicional de Ba\u00f1os de Molgas, que desfrutaron dunha xornada pr\u00e1ctica e participativa, aprendendo directamente a tocar e co\u00f1ecer os instrumentos e ritmos da nosas m\u00fasicas m\u00e1is primixenias.<\/p>\n<\/div>\n<\/div>\n\n\n\n<div class=\"wp-block-column is-layout-flow wp-block-column-is-layout-flow\" style=\"flex-basis:30%\">\n<figure class=\"wp-block-image size-large\"><img loading=\"lazy\" decoding=\"async\" width=\"768\" height=\"1024\" src=\"https:\/\/fundacionlegar.org\/wp-content\/uploads\/2025\/06\/encontro-de-musica--768x1024.jpg\" alt=\"\" class=\"wp-image-47303\"\/><\/figure>\n<\/div>\n<\/div>","protected":false},"excerpt":{"rendered":"<p>Encontro na Seaia<\/p>","protected":false},"author":4,"featured_media":47303,"comment_status":"closed","ping_status":"open","sticky":false,"template":"","format":"standard","meta":{"_acf_changed":false,"_et_pb_use_builder":"off","_et_pb_old_content":"Lorem ipsum dolor sit amet, consectetur adipiscing elit, sed do eiusmod tempor incididunt ut labore et dolore magna aliqua. Ut enim ad minim veniam, quis nostrud exercitation ullamco laboris nisi ut aliquip ex ea commodo consequat. Duis aute irure dolor in reprehenderit in voluptate velit esse cillum dolore eu fugiat nulla pariatur. Excepteur sint occaecat cupidatat non proident, sunt in culpa qui officia deserunt mollit anim id est laborum.","_et_gb_content_width":"","inline_featured_image":false,"_joinchat":[],"footnotes":""},"categories":[31],"tags":[],"class_list":["post-44917","post","type-post","status-publish","format-standard","has-post-thumbnail","hentry","category-talleres-y-eventos"],"acf":[],"yoast_head":"<!-- This site is optimized with the Yoast SEO plugin v24.9 - https:\/\/yoast.com\/wordpress\/plugins\/seo\/ -->\n<title>Xornada Formativa na Aldea de A Seara | Legar<\/title>\n<meta name=\"description\" content=\"Desfruta deste evento\" \/>\n<meta name=\"robots\" content=\"index, follow, max-snippet:-1, max-image-preview:large, max-video-preview:-1\" \/>\n<link rel=\"canonical\" href=\"https:\/\/fundacionlegar.org\/gl\/xornada-formativa-a-seara\/\" \/>\n<meta property=\"og:locale\" content=\"gl_ES\" \/>\n<meta property=\"og:type\" content=\"article\" \/>\n<meta property=\"og:title\" content=\"Xornada Formativa na Aldea de A Seara | Legar\" \/>\n<meta property=\"og:description\" content=\"Desfruta deste evento\" \/>\n<meta property=\"og:url\" content=\"https:\/\/fundacionlegar.org\/gl\/xornada-formativa-a-seara\/\" \/>\n<meta property=\"og:site_name\" content=\"Legar\" \/>\n<meta property=\"article:published_time\" content=\"2025-06-19T10:55:18+00:00\" \/>\n<meta property=\"article:modified_time\" content=\"2026-04-24T08:10:44+00:00\" \/>\n<meta property=\"og:image\" content=\"https:\/\/fundacionlegar.org\/wp-content\/uploads\/2025\/06\/encontro-de-musica--scaled.jpg\" \/>\n\t<meta property=\"og:image:width\" content=\"1920\" \/>\n\t<meta property=\"og:image:height\" content=\"2560\" \/>\n\t<meta property=\"og:image:type\" content=\"image\/jpeg\" \/>\n<meta name=\"author\" content=\"Des Front Kintek\" \/>\n<meta name=\"twitter:card\" content=\"summary_large_image\" \/>\n<meta name=\"twitter:label1\" content=\"Escrito por\" \/>\n\t<meta name=\"twitter:data1\" content=\"Des Front Kintek\" \/>\n\t<meta name=\"twitter:label2\" content=\"Tempo de lectura\" \/>\n\t<meta name=\"twitter:data2\" content=\"1 minuto\" \/>\n<script type=\"application\/ld+json\" class=\"yoast-schema-graph\">{\"@context\":\"https:\/\/schema.org\",\"@graph\":[{\"@type\":\"WebPage\",\"@id\":\"https:\/\/fundacionlegar.org\/xornada-formativa-a-seara\/\",\"url\":\"https:\/\/fundacionlegar.org\/xornada-formativa-a-seara\/\",\"name\":\"Xornada Formativa na Aldea de A Seara | Legar\",\"isPartOf\":{\"@id\":\"https:\/\/fundacionlegar.org\/#website\"},\"primaryImageOfPage\":{\"@id\":\"https:\/\/fundacionlegar.org\/xornada-formativa-a-seara\/#primaryimage\"},\"image\":{\"@id\":\"https:\/\/fundacionlegar.org\/xornada-formativa-a-seara\/#primaryimage\"},\"thumbnailUrl\":\"https:\/\/fundacionlegar.org\/wp-content\/uploads\/2025\/06\/encontro-de-musica--scaled.jpg\",\"datePublished\":\"2025-06-19T10:55:18+00:00\",\"dateModified\":\"2026-04-24T08:10:44+00:00\",\"author\":{\"@id\":\"https:\/\/fundacionlegar.org\/#\/schema\/person\/cad45acf4ad72edacae7c68e2118e6fc\"},\"description\":\"Desfruta deste evento\",\"breadcrumb\":{\"@id\":\"https:\/\/fundacionlegar.org\/xornada-formativa-a-seara\/#breadcrumb\"},\"inLanguage\":\"gl-ES\",\"potentialAction\":[{\"@type\":\"ReadAction\",\"target\":[\"https:\/\/fundacionlegar.org\/xornada-formativa-a-seara\/\"]}]},{\"@type\":\"ImageObject\",\"inLanguage\":\"gl-ES\",\"@id\":\"https:\/\/fundacionlegar.org\/xornada-formativa-a-seara\/#primaryimage\",\"url\":\"https:\/\/fundacionlegar.org\/wp-content\/uploads\/2025\/06\/encontro-de-musica--scaled.jpg\",\"contentUrl\":\"https:\/\/fundacionlegar.org\/wp-content\/uploads\/2025\/06\/encontro-de-musica--scaled.jpg\",\"width\":1920,\"height\":2560},{\"@type\":\"BreadcrumbList\",\"@id\":\"https:\/\/fundacionlegar.org\/xornada-formativa-a-seara\/#breadcrumb\",\"itemListElement\":[{\"@type\":\"ListItem\",\"position\":1,\"name\":\"Portada\",\"item\":\"https:\/\/fundacionlegar.org\/\"},{\"@type\":\"ListItem\",\"position\":2,\"name\":\"Xornada Formativa na Aldea de A Seara\"}]},{\"@type\":\"WebSite\",\"@id\":\"https:\/\/fundacionlegar.org\/#website\",\"url\":\"https:\/\/fundacionlegar.org\/\",\"name\":\"Legar\",\"description\":\"Fundaci\u00f3n Legar\",\"potentialAction\":[{\"@type\":\"SearchAction\",\"target\":{\"@type\":\"EntryPoint\",\"urlTemplate\":\"https:\/\/fundacionlegar.org\/?s={search_term_string}\"},\"query-input\":{\"@type\":\"PropertyValueSpecification\",\"valueRequired\":true,\"valueName\":\"search_term_string\"}}],\"inLanguage\":\"gl-ES\"},{\"@type\":\"Person\",\"@id\":\"https:\/\/fundacionlegar.org\/#\/schema\/person\/cad45acf4ad72edacae7c68e2118e6fc\",\"name\":\"Des Front Kintek\",\"image\":{\"@type\":\"ImageObject\",\"inLanguage\":\"gl-ES\",\"@id\":\"https:\/\/fundacionlegar.org\/#\/schema\/person\/image\/\",\"url\":\"https:\/\/secure.gravatar.com\/avatar\/32c2224f67ad109e77d67ac1a7f90781f4605b8bcaa527b20d97052927acdc36?s=96&d=mm&r=g\",\"contentUrl\":\"https:\/\/secure.gravatar.com\/avatar\/32c2224f67ad109e77d67ac1a7f90781f4605b8bcaa527b20d97052927acdc36?s=96&d=mm&r=g\",\"caption\":\"Des Front Kintek\"}}]}<\/script>\n<!-- \/ Yoast SEO plugin. -->","yoast_head_json":{"title":"Xornada Formativa na Aldea de A Seara | Legar","description":"Desfruta deste evento","robots":{"index":"index","follow":"follow","max-snippet":"max-snippet:-1","max-image-preview":"max-image-preview:large","max-video-preview":"max-video-preview:-1"},"canonical":"https:\/\/fundacionlegar.org\/gl\/xornada-formativa-a-seara\/","og_locale":"gl_ES","og_type":"article","og_title":"Xornada Formativa na Aldea de A Seara | Legar","og_description":"Desfruta deste evento","og_url":"https:\/\/fundacionlegar.org\/gl\/xornada-formativa-a-seara\/","og_site_name":"Legar","article_published_time":"2025-06-19T10:55:18+00:00","article_modified_time":"2026-04-24T08:10:44+00:00","og_image":[{"width":1920,"height":2560,"url":"https:\/\/fundacionlegar.org\/wp-content\/uploads\/2025\/06\/encontro-de-musica--scaled.jpg","type":"image\/jpeg"}],"author":"Des Front Kintek","twitter_card":"summary_large_image","twitter_misc":{"Escrito por":"Des Front Kintek","Tempo de lectura":"1 minuto"},"schema":{"@context":"https:\/\/schema.org","@graph":[{"@type":"WebPage","@id":"https:\/\/fundacionlegar.org\/xornada-formativa-a-seara\/","url":"https:\/\/fundacionlegar.org\/xornada-formativa-a-seara\/","name":"Xornada Formativa na Aldea de A Seara | Legar","isPartOf":{"@id":"https:\/\/fundacionlegar.org\/#website"},"primaryImageOfPage":{"@id":"https:\/\/fundacionlegar.org\/xornada-formativa-a-seara\/#primaryimage"},"image":{"@id":"https:\/\/fundacionlegar.org\/xornada-formativa-a-seara\/#primaryimage"},"thumbnailUrl":"https:\/\/fundacionlegar.org\/wp-content\/uploads\/2025\/06\/encontro-de-musica--scaled.jpg","datePublished":"2025-06-19T10:55:18+00:00","dateModified":"2026-04-24T08:10:44+00:00","author":{"@id":"https:\/\/fundacionlegar.org\/#\/schema\/person\/cad45acf4ad72edacae7c68e2118e6fc"},"description":"Desfruta deste evento","breadcrumb":{"@id":"https:\/\/fundacionlegar.org\/xornada-formativa-a-seara\/#breadcrumb"},"inLanguage":"gl-ES","potentialAction":[{"@type":"ReadAction","target":["https:\/\/fundacionlegar.org\/xornada-formativa-a-seara\/"]}]},{"@type":"ImageObject","inLanguage":"gl-ES","@id":"https:\/\/fundacionlegar.org\/xornada-formativa-a-seara\/#primaryimage","url":"https:\/\/fundacionlegar.org\/wp-content\/uploads\/2025\/06\/encontro-de-musica--scaled.jpg","contentUrl":"https:\/\/fundacionlegar.org\/wp-content\/uploads\/2025\/06\/encontro-de-musica--scaled.jpg","width":1920,"height":2560},{"@type":"BreadcrumbList","@id":"https:\/\/fundacionlegar.org\/xornada-formativa-a-seara\/#breadcrumb","itemListElement":[{"@type":"ListItem","position":1,"name":"Portada","item":"https:\/\/fundacionlegar.org\/"},{"@type":"ListItem","position":2,"name":"Xornada Formativa na Aldea de A Seara"}]},{"@type":"WebSite","@id":"https:\/\/fundacionlegar.org\/#website","url":"https:\/\/fundacionlegar.org\/","name":"Legar","description":"Fundaci\u00f3n Legar","potentialAction":[{"@type":"SearchAction","target":{"@type":"EntryPoint","urlTemplate":"https:\/\/fundacionlegar.org\/?s={search_term_string}"},"query-input":{"@type":"PropertyValueSpecification","valueRequired":true,"valueName":"search_term_string"}}],"inLanguage":"gl-ES"},{"@type":"Person","@id":"https:\/\/fundacionlegar.org\/#\/schema\/person\/cad45acf4ad72edacae7c68e2118e6fc","name":"Des Front Kintek","image":{"@type":"ImageObject","inLanguage":"gl-ES","@id":"https:\/\/fundacionlegar.org\/#\/schema\/person\/image\/","url":"https:\/\/secure.gravatar.com\/avatar\/32c2224f67ad109e77d67ac1a7f90781f4605b8bcaa527b20d97052927acdc36?s=96&d=mm&r=g","contentUrl":"https:\/\/secure.gravatar.com\/avatar\/32c2224f67ad109e77d67ac1a7f90781f4605b8bcaa527b20d97052927acdc36?s=96&d=mm&r=g","caption":"Des Front Kintek"}}]}},"_links":{"self":[{"href":"https:\/\/fundacionlegar.org\/gl\/wp-json\/wp\/v2\/posts\/44917","targetHints":{"allow":["GET"]}}],"collection":[{"href":"https:\/\/fundacionlegar.org\/gl\/wp-json\/wp\/v2\/posts"}],"about":[{"href":"https:\/\/fundacionlegar.org\/gl\/wp-json\/wp\/v2\/types\/post"}],"author":[{"embeddable":true,"href":"https:\/\/fundacionlegar.org\/gl\/wp-json\/wp\/v2\/users\/4"}],"replies":[{"embeddable":true,"href":"https:\/\/fundacionlegar.org\/gl\/wp-json\/wp\/v2\/comments?post=44917"}],"version-history":[{"count":9,"href":"https:\/\/fundacionlegar.org\/gl\/wp-json\/wp\/v2\/posts\/44917\/revisions"}],"predecessor-version":[{"id":47491,"href":"https:\/\/fundacionlegar.org\/gl\/wp-json\/wp\/v2\/posts\/44917\/revisions\/47491"}],"wp:featuredmedia":[{"embeddable":true,"href":"https:\/\/fundacionlegar.org\/gl\/wp-json\/wp\/v2\/media\/47303"}],"wp:attachment":[{"href":"https:\/\/fundacionlegar.org\/gl\/wp-json\/wp\/v2\/media?parent=44917"}],"wp:term":[{"taxonomy":"category","embeddable":true,"href":"https:\/\/fundacionlegar.org\/gl\/wp-json\/wp\/v2\/categories?post=44917"},{"taxonomy":"post_tag","embeddable":true,"href":"https:\/\/fundacionlegar.org\/gl\/wp-json\/wp\/v2\/tags?post=44917"}],"curies":[{"name":"wp","href":"https:\/\/api.w.org\/{rel}","templated":true}]}}